[{"@context":"https:\/\/schema.org\/","@type":"Article","@id":"https:\/\/www.starporc.cz\/vsichni-jsou-bohem-vyvoleni\/#Article","mainEntityOfPage":"https:\/\/www.starporc.cz\/vsichni-jsou-bohem-vyvoleni\/","headline":"V\u0161ichni jsou bohem vyvolen\u00ed","name":"V\u0161ichni jsou bohem vyvolen\u00ed","description":"Neust\u00e1l\u00e1 honba za ztracenou identitou prov\u00e1z\u00ed lidstvo po dlouh\u00e1 stalet\u00ed. Velc\u00ed lid\u00e9 se sna\u017e\u00ed naj\u00edt smysl sv\u00e9 existence ve velikosti v\u00a0o\u010d\u00edch lid\u00ed, jin\u00ed zase v\u00a0tom, aby upekli co nejlep\u0161\u00ed rohl\u00edky. Smysl, \u00fa\u010del na\u0161\u00ed existence hled\u00e1me v\u0161ichni, kdo nehled\u00e1, ten l\u017ee.... <a class=\"more-link\" href=\"https:\/\/www.starporc.cz\/vsichni-jsou-bohem-vyvoleni\/\">Continue Reading &rarr;<\/a>","datePublished":"2018-09-13","dateModified":"2023-04-28","author":{"@type":"Person","@id":"https:\/\/www.starporc.cz\/author\/#Person","name":"starporc.cz\n","url":"https:\/\/www.starporc.cz\/author\/","identifier":1,"image":{"@type":"ImageObject","@id":"https:\/\/secure.gravatar.com\/avatar\/c607f8cdeb628e1fda71e81e0cbb10854858a188adc366641de57f1cadca520c?s=96&d=mm&r=g","url":"https:\/\/secure.gravatar.com\/avatar\/c607f8cdeb628e1fda71e81e0cbb10854858a188adc366641de57f1cadca520c?s=96&d=mm&r=g","height":96,"width":96}},"publisher":{"@type":"Organization","name":"starporc.cz","logo":{"@type":"ImageObject","@id":"\/logo.png","url":"\/logo.png","width":600,"height":60}},"image":{"@type":"ImageObject","@id":"https:\/\/www.starporc.cz\/wp-content\/uploads\/img_a325659_w1920_t1537606589.jpg","url":"https:\/\/www.starporc.cz\/wp-content\/uploads\/img_a325659_w1920_t1537606589.jpg","height":0,"width":0},"url":"https:\/\/www.starporc.cz\/vsichni-jsou-bohem-vyvoleni\/","about":["Pen\u00edze"],"wordCount":450,"articleBody":"Neust\u00e1l\u00e1 honba za ztracenou identitou prov\u00e1z\u00ed lidstvo po dlouh\u00e1 stalet\u00ed. Velc\u00ed lid\u00e9 se sna\u017e\u00ed naj\u00edt smysl sv\u00e9 existence ve velikosti v\u00a0o\u010d\u00edch lid\u00ed, jin\u00ed zase v\u00a0tom, aby upekli co nejlep\u0161\u00ed rohl\u00edky. Smysl, \u00fa\u010del na\u0161\u00ed existence hled\u00e1me v\u0161ichni, kdo nehled\u00e1, ten l\u017ee. Ka\u017ed\u00e1 \u010dinnost, kter\u00e1 je vykon\u00e1na v\u00a0na\u0161em \u017eivot\u011b, m\u00e1 n\u011bjak\u00fd \u201epohon\u201c. Proto by bylo zaj\u00edmav\u00e9 sledovat nesmrteln\u00e9 lidstvo \u2013 jen si p\u0159edstavte, zm\u011bna by p\u0159i\u0161la jednou za sto let. Lid\u00e9 by nem\u011bli pot\u0159ebu n\u011bco m\u011bnit, m\u011bli by \u010das. A tak by tak\u00e9 i n\u011bkte\u0159\u00ed slevili. Nap\u0159\u00edklad kdyby byl Alexander Makedonsk\u00fd nesmrteln\u00fd, ur\u010dit\u011b by tak nesp\u011bchal do Indie, aby se vyrovnal Achillovi, ne\u017e um\u0159e.\tIdentita je v\u0161\u00edmHled\u00e1me v\u00a0\u017eivot\u011b n\u011bco, k\u00a0\u010demu se m\u016f\u017eeme uch\u00fdlit a co m\u016f\u017eeme alespo\u0148 du\u0161evn\u011b uchopit, Hled\u00e1me se a tak\u00e9 se nal\u00e9z\u00e1me v\u00a0nejr\u016fzn\u011bj\u0161\u00edch v\u011bcech. St\u00e1tu, n\u00e1rodu, v\u00ed\u0159e, filosofii. Je toho spoustu. \u017did\u00e9, jako perzekuovan\u00fd n\u00e1rod po cel\u00e1 tis\u00edcilet\u00ed, hledaj\u00ed jak\u00fdkoliv z\u00e1chytn\u00fd bod, kter\u00fd by je odli\u0161il. Sna\u017e\u00ed se naj\u00edt vlastn\u00ed identitu, dnes ji\u017e i n\u00e1rodn\u00ed identitu, ve v\u00ed\u0159e. \u201eBohem vyvolen\u00ed\u201c. Ale ostatn\u011b stejn\u00fd probl\u00e9m \u0159e\u0161\u00ed i zem\u011b b\u00fdval\u00e9ho v\u00fdchodn\u00edho bloku. Vezm\u011bme si Pol\u00e1ky. Ti se chl\u00e1chol\u00ed svou minulost\u00ed, ale p\u0159itom to ji\u017e nejsou stejn\u00ed Pol\u00e1ci, kte\u0159\u00ed byli za dob polsk\u00fdch kn\u00ed\u017eat. To sam\u00e9 \u010ce\u0161i. Neust\u00e1le si vychvalujeme obyvatele stejn\u00e9ho \u00fazem\u00ed, kte\u0159\u00ed zde \u017eili p\u0159ed tis\u00edci lety, ale byli to skute\u010dn\u011b \u010ce\u0161i? Nebo snad i Velk\u00e1 Morava? Jak se ozna\u010dovali lid\u00e9 \u017eij\u00edc\u00ed za Moravy, to nikdo nev\u00ed. Byl Karel IV skute\u010dn\u011b \u010desk\u00fd kr\u00e1l? P\u0159emyslovci byli t\u00edm nejbli\u017e\u0161\u00edm k\u00a0na\u0161emu ide\u00e1lu. Ale P\u0159emyslovci jsou tak\u00e9 n\u011bjak\u00fdch sedm set let v\u00a0trapu. Krize identity je \u010d\u00edm d\u00e1l v\u00edce viditeln\u00e1 s\u00a0p\u0159\u00edchoz\u00edm internetem, rozvojem v\u011bdy a techniky.\u010casto se setk\u00e1v\u00e1me s\u00a0v\u00edrou v\u00a0n\u00e1rod. Jednotn\u00e1 kultura, jazyk apod. Neomyln\u00e1 fakta, kter\u00e1 n\u00e1m byla v\u0161t\u011bpov\u00e1na po cel\u00e9 generace, nejsou a\u017e tak neomyln\u00e1, jak se tvrd\u00ed. Co je to vlastn\u011b ten n\u00e1rod, ve kter\u00e9m se tolik vid\u00edme jako jednotlivci, by\u0165 je to naprost\u00fd oxym\u00f3ron? Co d\u011bl\u00e1 n\u00e1rod n\u00e1rodem? Je v\u016fbec n\u011bco jako n\u00e1rod? Nen\u00ed to jen iluze, ostatn\u011b jako v\u0161echno ostatn\u00ed? Co vlastn\u011b znamen\u00e1 v\u011b\u0159it v\u00a0sebe sam\u00e9ho?                                                                                                                                                                                                                                                                                                                                                                                        3.3\/5 - (6 votes)        "},{"@context":"https:\/\/schema.org\/","@type":"BreadcrumbList","itemListElement":[{"@type":"ListItem","position":1,"name":"V\u0161ichni jsou bohem vyvolen\u00ed","item":"https:\/\/www.starporc.cz\/vsichni-jsou-bohem-vyvoleni\/#breadcrumbitem"}]}]